{"id":1771,"date":"2010-12-01T02:08:51","date_gmt":"2010-12-01T02:08:51","guid":{"rendered":"https:\/\/boriken365.wpengine.com\/?p=1771"},"modified":"2010-12-01T02:08:51","modified_gmt":"2010-12-01T02:08:51","slug":"fuentes-de-la-plaza-de-la-darsena-en-la-noche-viejo-san-juan","status":"publish","type":"post","link":"https:\/\/boriken365.com\/index.php\/2010\/12\/01\/fuentes-de-la-plaza-de-la-darsena-en-la-noche-viejo-san-juan\/","title":{"rendered":"Fuentes de la Plaza de la D\u00e1rsena en la noche, Viejo San Juan"},"content":{"rendered":"<p>Cercano al Muelle 1 se encuentra la Plaza de la D\u00e1rsena lo cual significa la Plaza del Muelle.  En la misma se encuentra esta un centro de informaci\u00f3n tur\u00edstica y una tarima en la cual se celebran diferentes actividades al a\u00f1o.  Esta fuente se puede apreciar con estos colores y luces en la noche.<\/p>\n<p>Fotograf\u00eda : <a href=\"https:\/\/boriken365.wpengine.com\/index.php\/tag\/miguel-gandia\/\">Miguel Gand\u00eda<\/a><br \/>\nSitio Web : <a href=\"http:\/\/mgrphotos.com\" target=\"_blank\">http:\/\/mgrphotos.com<\/a><\/p>\n","protected":false},"excerpt":{"rendered":"<p>Cercano al Muelle 1 se encuentra la Plaza de la D\u00e1rsena lo cual significa la Plaza del Muelle. En la misma se encuentra esta un centro de informaci\u00f3n tur\u00edstica y una tarima en la cual se celebran diferentes actividades al a\u00f1o. Esta fuente se puede apreciar con estos colores y luces en la noche. Fotograf\u00eda&#8230;<\/p>\n<div class=\"read-more-link\"><a href=\"https:\/\/boriken365.com\/index.php\/2010\/12\/01\/fuentes-de-la-plaza-de-la-darsena-en-la-noche-viejo-san-juan\/\">Read More<\/a><\/div>\n","protected":false},"author":1,"featured_media":1773,"comment_status":"open","ping_status":"open","sticky":false,"template":"","format":"aside","meta":{"_acf_changed":false,"footnotes":""},"categories":[7],"tags":[122,145,90,461,460,13],"class_list":["post-1771","post","type-post","status-publish","format-aside","has-post-thumbnail","hentry","category-historico","tag-fuente","tag-miguel-gandia","tag-old-san-juan","tag-plaza-darsenas","tag-plaza-de-la-darsena","tag-san-juan","post_format-post-format-aside","post_format-post-format-image"],"acf":[],"_links":{"self":[{"href":"https:\/\/boriken365.com\/index.php\/wp-json\/wp\/v2\/posts\/1771","targetHints":{"allow":["GET"]}}],"collection":[{"href":"https:\/\/boriken365.com\/index.php\/wp-json\/wp\/v2\/posts"}],"about":[{"href":"https:\/\/boriken365.com\/index.php\/wp-json\/wp\/v2\/types\/post"}],"author":[{"embeddable":true,"href":"https:\/\/boriken365.com\/index.php\/wp-json\/wp\/v2\/users\/1"}],"replies":[{"embeddable":true,"href":"https:\/\/boriken365.com\/index.php\/wp-json\/wp\/v2\/comments?post=1771"}],"version-history":[{"count":0,"href":"https:\/\/boriken365.com\/index.php\/wp-json\/wp\/v2\/posts\/1771\/revisions"}],"wp:featuredmedia":[{"embeddable":true,"href":"https:\/\/boriken365.com\/index.php\/wp-json\/wp\/v2\/media\/1773"}],"wp:attachment":[{"href":"https:\/\/boriken365.com\/index.php\/wp-json\/wp\/v2\/media?parent=1771"}],"wp:term":[{"taxonomy":"category","embeddable":true,"href":"https:\/\/boriken365.com\/index.php\/wp-json\/wp\/v2\/categories?post=1771"},{"taxonomy":"post_tag","embeddable":true,"href":"https:\/\/boriken365.com\/index.php\/wp-json\/wp\/v2\/tags?post=1771"}],"curies":[{"name":"wp","href":"https:\/\/api.w.org\/{rel}","templated":true}]}}