{"id":2057,"date":"2011-01-08T23:11:30","date_gmt":"2011-01-08T23:11:30","guid":{"rendered":"https:\/\/boriken365.wpengine.com\/?p=2057"},"modified":"2011-01-08T23:11:30","modified_gmt":"2011-01-08T23:11:30","slug":"repicando-los-cueros-en-la-parranda","status":"publish","type":"post","link":"https:\/\/boriken365.com\/index.php\/2011\/01\/08\/repicando-los-cueros-en-la-parranda\/","title":{"rendered":"Repicando los Cueros en la Parranda"},"content":{"rendered":"<p>Aunque ya no se ven tanto, la parranda es algo bien t\u00edpico de nuestra navidad.  Ir de casa en casa por la madrugada tocando y cantando m\u00fasica al estilo de la plena.  Podemos apreciar a 3 virtuosos de los cueros dando sabor a una parranda puertorrique\u00f1a.  El pandero es un instrumento de percusi\u00f3n que est\u00e1 en el grupo de los tambores de marco.  Aunque es de origen \u00e1rabe se usa mucho en nuestra m\u00fasica.<\/p>\n<p>Fotograf\u00eda : <a href=\"https:\/\/boriken365.wpengine.com\/index.php\/tag\/miguel-gandia\/\">Miguel Gand\u00eda<\/a><br \/>\nSitio Web : <a href=\"http:\/\/mgrphotos.com\" target=\"_blank\">http:\/\/mgrphotos.com<\/a><\/p>\n","protected":false},"excerpt":{"rendered":"<p>Aunque ya no se ven tanto, la parranda es algo bien t\u00edpico de nuestra navidad. Ir de casa en casa por la madrugada tocando y cantando m\u00fasica al estilo de la plena. Podemos apreciar a 3 virtuosos de los cueros dando sabor a una parranda puertorrique\u00f1a. El pandero es un instrumento de percusi\u00f3n que est\u00e1&#8230;<\/p>\n<div class=\"read-more-link\"><a href=\"https:\/\/boriken365.com\/index.php\/2011\/01\/08\/repicando-los-cueros-en-la-parranda\/\">Read More<\/a><\/div>\n","protected":false},"author":1,"featured_media":2058,"comment_status":"open","ping_status":"open","sticky":false,"template":"","format":"aside","meta":{"_acf_changed":false,"footnotes":""},"categories":[32,258],"tags":[145,535,552,553,554,13,555],"class_list":["post-2057","post","type-post","status-publish","format-aside","has-post-thumbnail","hentry","category-cultura","category-personas","tag-miguel-gandia","tag-navidad","tag-panderos","tag-parranda","tag-repicando","tag-san-juan","tag-tambores","post_format-post-format-aside","post_format-post-format-image"],"acf":[],"_links":{"self":[{"href":"https:\/\/boriken365.com\/index.php\/wp-json\/wp\/v2\/posts\/2057","targetHints":{"allow":["GET"]}}],"collection":[{"href":"https:\/\/boriken365.com\/index.php\/wp-json\/wp\/v2\/posts"}],"about":[{"href":"https:\/\/boriken365.com\/index.php\/wp-json\/wp\/v2\/types\/post"}],"author":[{"embeddable":true,"href":"https:\/\/boriken365.com\/index.php\/wp-json\/wp\/v2\/users\/1"}],"replies":[{"embeddable":true,"href":"https:\/\/boriken365.com\/index.php\/wp-json\/wp\/v2\/comments?post=2057"}],"version-history":[{"count":0,"href":"https:\/\/boriken365.com\/index.php\/wp-json\/wp\/v2\/posts\/2057\/revisions"}],"wp:featuredmedia":[{"embeddable":true,"href":"https:\/\/boriken365.com\/index.php\/wp-json\/wp\/v2\/media\/2058"}],"wp:attachment":[{"href":"https:\/\/boriken365.com\/index.php\/wp-json\/wp\/v2\/media?parent=2057"}],"wp:term":[{"taxonomy":"category","embeddable":true,"href":"https:\/\/boriken365.com\/index.php\/wp-json\/wp\/v2\/categories?post=2057"},{"taxonomy":"post_tag","embeddable":true,"href":"https:\/\/boriken365.com\/index.php\/wp-json\/wp\/v2\/tags?post=2057"}],"curies":[{"name":"wp","href":"https:\/\/api.w.org\/{rel}","templated":true}]}}