{"id":3131,"date":"2011-06-12T01:03:56","date_gmt":"2011-06-12T01:03:56","guid":{"rendered":"https:\/\/boriken365.wpengine.com\/?p=3131"},"modified":"2011-06-12T01:03:56","modified_gmt":"2011-06-12T01:03:56","slug":"el-cortijo-barranquitas","status":"publish","type":"post","link":"https:\/\/boriken365.com\/index.php\/2011\/06\/12\/el-cortijo-barranquitas\/","title":{"rendered":"El Cortijo, Barranquitas"},"content":{"rendered":"<p>\u00bfCu\u00e1ntos saben que en Barranquitas existe un Castillo? Si, as\u00ed es, El Cortijo localizado muy cerca del pueblo, en la carretera antigua que conduce a Helechal, mi barrio. Se puede apreciar desde diferentes \u00e1ngulos de la carretera. Es propiedad privada en este momento y tengo entendido que est\u00e1 en proceso de restauraci\u00f3n.<\/p>\n<p>Fotograf\u00eda : <a href=\"https:\/\/boriken365.wpengine.com\/index.php\/tag\/zory-berrios\/\">Zory Berr\u00edos<\/a><br \/>\nSitio Web : <a href=\"http:\/\/www.lamariposamonarca.webs.com\" target=\"_blank\">http:\/\/www.lamariposamonarca.webs.com<\/a><\/p>\n","protected":false},"excerpt":{"rendered":"<p>\u00bfCu\u00e1ntos saben que en Barranquitas existe un Castillo? Si, as\u00ed es, El Cortijo localizado muy cerca del pueblo, en la carretera antigua que conduce a Helechal, mi barrio. Se puede apreciar desde diferentes \u00e1ngulos de la carretera. Es propiedad privada en este momento y tengo entendido que est\u00e1 en proceso de restauraci\u00f3n. Fotograf\u00eda : Zory&#8230;<\/p>\n<div class=\"read-more-link\"><a href=\"https:\/\/boriken365.com\/index.php\/2011\/06\/12\/el-cortijo-barranquitas\/\">Read More<\/a><\/div>\n","protected":false},"author":1,"featured_media":3133,"comment_status":"open","ping_status":"open","sticky":false,"template":"","format":"aside","meta":{"_acf_changed":false,"footnotes":""},"categories":[36],"tags":[660,827,868,869,794],"class_list":["post-3131","post","type-post","status-publish","format-aside","has-post-thumbnail","hentry","category-urbano","tag-barranquitas","tag-barrio-helechal","tag-catillo","tag-el-cortijo","tag-zory-berrios","post_format-post-format-aside","post_format-post-format-image"],"acf":[],"_links":{"self":[{"href":"https:\/\/boriken365.com\/index.php\/wp-json\/wp\/v2\/posts\/3131","targetHints":{"allow":["GET"]}}],"collection":[{"href":"https:\/\/boriken365.com\/index.php\/wp-json\/wp\/v2\/posts"}],"about":[{"href":"https:\/\/boriken365.com\/index.php\/wp-json\/wp\/v2\/types\/post"}],"author":[{"embeddable":true,"href":"https:\/\/boriken365.com\/index.php\/wp-json\/wp\/v2\/users\/1"}],"replies":[{"embeddable":true,"href":"https:\/\/boriken365.com\/index.php\/wp-json\/wp\/v2\/comments?post=3131"}],"version-history":[{"count":0,"href":"https:\/\/boriken365.com\/index.php\/wp-json\/wp\/v2\/posts\/3131\/revisions"}],"wp:featuredmedia":[{"embeddable":true,"href":"https:\/\/boriken365.com\/index.php\/wp-json\/wp\/v2\/media\/3133"}],"wp:attachment":[{"href":"https:\/\/boriken365.com\/index.php\/wp-json\/wp\/v2\/media?parent=3131"}],"wp:term":[{"taxonomy":"category","embeddable":true,"href":"https:\/\/boriken365.com\/index.php\/wp-json\/wp\/v2\/categories?post=3131"},{"taxonomy":"post_tag","embeddable":true,"href":"https:\/\/boriken365.com\/index.php\/wp-json\/wp\/v2\/tags?post=3131"}],"curies":[{"name":"wp","href":"https:\/\/api.w.org\/{rel}","templated":true}]}}